{"id":2291,"date":"2021-01-29T13:48:30","date_gmt":"2021-01-29T13:48:30","guid":{"rendered":"https:\/\/leadyourcommunication.es\/?p=2291"},"modified":"2021-01-29T13:48:30","modified_gmt":"2021-01-29T13:48:30","slug":"levier-indispensable-renforcer-lagilite-entreprise-mediation","status":"publish","type":"post","link":"https:\/\/leadyourcommunication.es\/fr\/levier-indispensable-renforcer-lagilite-entreprise-mediation\/","title":{"rendered":"Un levier indispensable pour renforcer l\u2019Agilit\u00e9 de votre entreprise: LA MEDIATION"},"content":{"rendered":"<p>Parce que je m\u2019entends mal avec mon manager, voire je ne le supporte plus, parce que je trouve qu\u2019il me traite mal\u2026 je vais tarder \u00e0 lui r\u00e9pondre, je ne vais pas lui passer une information importante. je ne ferai pas ce qu\u2019il me demande, je vais passer plus de temps \u00e0 ruminer ma frustration et \u00e0 la partager avec mes coll\u00e8gues qu\u2019\u00e0 faire mon travail de mani\u00e8re efficace, contaminant ainsi l\u2019ambiance g\u00e9n\u00e9rale, cr\u00e9ant le doute sur les qualit\u00e9s de mon manager et touchant au niveau de motivation collectif\u2026<\/p>\n<p>Inutile de dire que tout cela a un co\u00fbt. Soit parce que ces conflits ralentissent, freinent ou bloquent l\u2019activit\u00e9 de l\u2019\u00e9quipe, soit parce qu\u2019ils vont se conclure par un d\u00e9part, que ce soit une d\u00e9mission ou un licenciement. Peu importe, le mal est fait\u00a0! Et malheureusement, ce sont g\u00e9n\u00e9ralement les \u00ab\u00a0meilleurs\u00a0\u00bb qui partent en premier\u2026 (Rappel\u00a0: 70% des d\u00e9missions trouvent leur origine dans un probl\u00e8me relationnel avec le Manager direct).<\/p>\n<p>Les co\u00fbts s\u2019encha\u00eenent alors. Ainsi, on trouvera\u00a0: dans le cas d\u2019un licenciement, le co\u00fbt de l\u2019indemnisation, auxquels s\u2019ajoutent quelques fois ceux d\u2019un proc\u00e8s, ainsi que le possible d\u00e9part d\u2019autres collaborateurs qui suivent le sortant, sans oublier le co\u00fbt du recrutement de la personne qui va le remplacer, et l\u2019impact sur le climat interne, sur la Marque Employeur, etc.<\/p>\n<p>Un grand industriel du 19e si\u00e8cle, Dupont de Nemours, disait d\u00e9j\u00e0 \u00e0 son \u00e9poque que \u00ab\u00a090% des probl\u00e8mes d\u2019une usine sont\u2026 humains.\u00a0\u00bb. Non pas de fabrication, d\u2019ing\u00e9nierie ou de logistique, \u201cseulement\u201d humains&#8230;<\/p>\n<p>Notre conviction est qu\u2019aujourd\u2019hui, avec la crise du Covid, nous aurons besoin plus que jamais de la contribution active et positive de tous. Moins que jamais, nous pouvons nous permettre d\u2019assumer des crispations, des tensions, des luttes d\u2019\u00e9go&#8230; L\u2019agilit\u00e9, fortement mise en avant par les soci\u00e9t\u00e9s de conseil et de d\u00e9veloppement informatique ces 10 derni\u00e8res ann\u00e9es, n\u2019est pas seulement un concept de Gestion de Projet\u00a0! C\u2019est aussi une posture quotidienne, une fa\u00e7on de collaborer devenue n\u00e9cessaire\u2026 Elle passe par la qualit\u00e9 de la communication entre les \u00e9quipes, un niveau de collaboration \u00e9lev\u00e9 et motiv\u00e9 par intelligence collective. C\u2019est devenu aujourd\u2019hui un devoir de ramer tous dans le m\u00eame sens et de favoriser la collaboration, la cr\u00e9ativit\u00e9, la r\u00e9activit\u00e9.<\/p>\n<p>Avec la M\u00e9diation, il s\u2019agit de r\u00e9cup\u00e9rer (et parfois m\u00eame \u00ab\u00a0construire\u00a0\u00bb), la \u00ab\u00a0Relation\u00a0\u00bb entre les personnes impliqu\u00e9es, et [et c\u2019est la grande force de la M\u00e9diation\u00a0!] de la rendre p\u00e9renne dans le temps afin de pouvoir s\u2019appuyer sur les r\u00e9sultats obtenus dans la dur\u00e9e.<\/p>\n<p>Dans un processus de M\u00e9diation, nous allons r\u00e9unir les personnes impliqu\u00e9es dans le conflit ou la tension relationnelle, permettant \u00e0 chacun d\u2019exprimer sa perception de la situation, ses frustrations, ses attentes. L\u2019approche se veut holistique, syst\u00e9mique, rien n\u2019est laiss\u00e9 au hasard\u2026 Le M\u00e9diateur fera en sorte de faciliter l\u2019\u00e9coute, la compr\u00e9hension, et la recherche d\u2019une solution satisfaisante pour les parties, sans tomber dans le compromis\u00a0!!! (l\u2019objectif n\u2019est pas de c\u00e9der, ou de l\u00e2cher prise dans un consensus mou, mais bien de reconstruire ensemble\u00a0!)&#8230; L\u2019objectif est de faire tomber les barri\u00e8res qui font que, au lieu de collaborer et de co-construire, nous nous voyons souvent comme des opposants, voire comme des ennemis. Il s\u2019agit de repenser l\u2019int\u00e9r\u00eat et le plaisir de travailler ensemble et collaborer.<\/p>\n","protected":false},"excerpt":{"rendered":"<p>Parce que je m\u2019entends mal avec mon manager, voire je ne le supporte plus, parce que je trouve qu\u2019il me traite mal\u2026 je vais tarder \u00e0 lui r\u00e9pondre, je ne vais pas lui passer une information importante. je ne ferai pas ce qu\u2019il me demande, je vais passer plus de temps \u00e0 ruminer ma frustration [&hellip;]<\/p>\n","protected":false},"author":3,"featured_media":2292,"comment_status":"open","ping_status":"open","sticky":false,"template":"","format":"standard","meta":{"_et_pb_use_builder":"","_et_pb_old_content":"","_et_gb_content_width":""},"categories":[17],"tags":[],"yoast_head":"<!-- This site is optimized with the Yoast SEO plugin v19.14 - https:\/\/yoast.com\/wordpress\/plugins\/seo\/ -->\n<title>Un levier indispensable pour renforcer l\u2019Agilit\u00e9 de votre entreprise: LA MEDIATION -<\/title>\n<meta name=\"description\" content=\"levier-indispensable-renforcer-lagilite-entreprise-mediation\" \/>\n<meta name=\"robots\" content=\"index, follow, max-snippet:-1, max-image-preview:large, max-video-preview:-1\" \/>\n<link rel=\"canonical\" href=\"https:\/\/leadyourcommunication.es\/fr\/levier-indispensable-renforcer-lagilite-entreprise-mediation\/\" \/>\n<meta property=\"og:locale\" content=\"fr_FR\" \/>\n<meta property=\"og:type\" content=\"article\" \/>\n<meta property=\"og:title\" content=\"Un levier indispensable pour renforcer l\u2019Agilit\u00e9 de votre entreprise: LA MEDIATION -\" \/>\n<meta property=\"og:description\" content=\"levier-indispensable-renforcer-lagilite-entreprise-mediation\" \/>\n<meta property=\"og:url\" content=\"https:\/\/leadyourcommunication.es\/fr\/levier-indispensable-renforcer-lagilite-entreprise-mediation\/\" \/>\n<meta property=\"article:published_time\" content=\"2021-01-29T13:48:30+00:00\" \/>\n<meta property=\"og:image\" content=\"https:\/\/leadyourcommunication.es\/wp-content\/uploads\/2021\/01\/volodymyr-hryshchenko-V5vqWC9gyEU-unsplash-scaled-e1611927899237.jpg\" \/>\n\t<meta property=\"og:image:width\" content=\"360\" \/>\n\t<meta property=\"og:image:height\" content=\"240\" \/>\n\t<meta property=\"og:image:type\" content=\"image\/jpeg\" \/>\n<meta name=\"author\" content=\"Redaccion Aliocha Mussy\" \/>\n<meta name=\"twitter:card\" content=\"summary_large_image\" \/>\n<meta name=\"twitter:label1\" content=\"\u00c9crit par\" \/>\n\t<meta name=\"twitter:data1\" content=\"Redaccion Aliocha Mussy\" \/>\n\t<meta name=\"twitter:label2\" content=\"Dur\u00e9e de lecture estim\u00e9e\" \/>\n\t<meta name=\"twitter:data2\" content=\"3 minutes\" \/>\n<script type=\"application\/ld+json\" class=\"yoast-schema-graph\">{\"@context\":\"https:\/\/schema.org\",\"@graph\":[{\"@type\":\"Article\",\"@id\":\"https:\/\/leadyourcommunication.es\/fr\/levier-indispensable-renforcer-lagilite-entreprise-mediation\/#article\",\"isPartOf\":{\"@id\":\"https:\/\/leadyourcommunication.es\/fr\/levier-indispensable-renforcer-lagilite-entreprise-mediation\/\"},\"author\":{\"name\":\"Redaccion Aliocha Mussy\",\"@id\":\"https:\/\/leadyourcommunication.es\/#\/schema\/person\/fc7491e623e024c97f70fcf22cf682c7\"},\"headline\":\"Un levier indispensable pour renforcer l\u2019Agilit\u00e9 de votre entreprise: LA MEDIATION\",\"datePublished\":\"2021-01-29T13:48:30+00:00\",\"dateModified\":\"2021-01-29T13:48:30+00:00\",\"mainEntityOfPage\":{\"@id\":\"https:\/\/leadyourcommunication.es\/fr\/levier-indispensable-renforcer-lagilite-entreprise-mediation\/\"},\"wordCount\":631,\"commentCount\":0,\"publisher\":{\"@id\":\"https:\/\/leadyourcommunication.es\/#organization\"},\"articleSection\":[\"Services\"],\"inLanguage\":\"fr-FR\",\"potentialAction\":[{\"@type\":\"CommentAction\",\"name\":\"Comment\",\"target\":[\"https:\/\/leadyourcommunication.es\/fr\/levier-indispensable-renforcer-lagilite-entreprise-mediation\/#respond\"]}]},{\"@type\":\"WebPage\",\"@id\":\"https:\/\/leadyourcommunication.es\/fr\/levier-indispensable-renforcer-lagilite-entreprise-mediation\/\",\"url\":\"https:\/\/leadyourcommunication.es\/fr\/levier-indispensable-renforcer-lagilite-entreprise-mediation\/\",\"name\":\"Un levier indispensable pour renforcer l\u2019Agilit\u00e9 de votre entreprise: LA MEDIATION -\",\"isPartOf\":{\"@id\":\"https:\/\/leadyourcommunication.es\/#website\"},\"datePublished\":\"2021-01-29T13:48:30+00:00\",\"dateModified\":\"2021-01-29T13:48:30+00:00\",\"description\":\"levier-indispensable-renforcer-lagilite-entreprise-mediation\",\"breadcrumb\":{\"@id\":\"https:\/\/leadyourcommunication.es\/fr\/levier-indispensable-renforcer-lagilite-entreprise-mediation\/#breadcrumb\"},\"inLanguage\":\"fr-FR\",\"potentialAction\":[{\"@type\":\"ReadAction\",\"target\":[\"https:\/\/leadyourcommunication.es\/fr\/levier-indispensable-renforcer-lagilite-entreprise-mediation\/\"]}]},{\"@type\":\"BreadcrumbList\",\"@id\":\"https:\/\/leadyourcommunication.es\/fr\/levier-indispensable-renforcer-lagilite-entreprise-mediation\/#breadcrumb\",\"itemListElement\":[{\"@type\":\"ListItem\",\"position\":1,\"name\":\"Portada\",\"item\":\"https:\/\/leadyourcommunication.es\/fr\/\"},{\"@type\":\"ListItem\",\"position\":2,\"name\":\"Un levier indispensable pour renforcer l\u2019Agilit\u00e9 de votre entreprise: LA MEDIATION\"}]},{\"@type\":\"WebSite\",\"@id\":\"https:\/\/leadyourcommunication.es\/#website\",\"url\":\"https:\/\/leadyourcommunication.es\/\",\"name\":\"\",\"description\":\"\",\"publisher\":{\"@id\":\"https:\/\/leadyourcommunication.es\/#organization\"},\"potentialAction\":[{\"@type\":\"SearchAction\",\"target\":{\"@type\":\"EntryPoint\",\"urlTemplate\":\"https:\/\/leadyourcommunication.es\/?s={search_term_string}\"},\"query-input\":\"required name=search_term_string\"}],\"inLanguage\":\"fr-FR\"},{\"@type\":\"Organization\",\"@id\":\"https:\/\/leadyourcommunication.es\/#organization\",\"name\":\"Lead Your Communication\",\"url\":\"https:\/\/leadyourcommunication.es\/\",\"logo\":{\"@type\":\"ImageObject\",\"inLanguage\":\"fr-FR\",\"@id\":\"https:\/\/leadyourcommunication.es\/#\/schema\/logo\/image\/\",\"url\":\"https:\/\/leadyourcommunication.es\/wp-content\/uploads\/2020\/04\/img-logo-footer_lead-your-communication.jpg\",\"contentUrl\":\"https:\/\/leadyourcommunication.es\/wp-content\/uploads\/2020\/04\/img-logo-footer_lead-your-communication.jpg\",\"width\":322,\"height\":210,\"caption\":\"Lead Your Communication\"},\"image\":{\"@id\":\"https:\/\/leadyourcommunication.es\/#\/schema\/logo\/image\/\"}},{\"@type\":\"Person\",\"@id\":\"https:\/\/leadyourcommunication.es\/#\/schema\/person\/fc7491e623e024c97f70fcf22cf682c7\",\"name\":\"Redaccion Aliocha Mussy\",\"image\":{\"@type\":\"ImageObject\",\"inLanguage\":\"fr-FR\",\"@id\":\"https:\/\/leadyourcommunication.es\/#\/schema\/person\/image\/\",\"url\":\"https:\/\/secure.gravatar.com\/avatar\/22b4aea3c06bb58226ac742027beb472?s=96&d=mm&r=g\",\"contentUrl\":\"https:\/\/secure.gravatar.com\/avatar\/22b4aea3c06bb58226ac742027beb472?s=96&d=mm&r=g\",\"caption\":\"Redaccion Aliocha Mussy\"}}]}<\/script>\n<!-- \/ Yoast SEO plugin. -->","yoast_head_json":{"title":"Un levier indispensable pour renforcer l\u2019Agilit\u00e9 de votre entreprise: LA MEDIATION -","description":"levier-indispensable-renforcer-lagilite-entreprise-mediation","robots":{"index":"index","follow":"follow","max-snippet":"max-snippet:-1","max-image-preview":"max-image-preview:large","max-video-preview":"max-video-preview:-1"},"canonical":"https:\/\/leadyourcommunication.es\/fr\/levier-indispensable-renforcer-lagilite-entreprise-mediation\/","og_locale":"fr_FR","og_type":"article","og_title":"Un levier indispensable pour renforcer l\u2019Agilit\u00e9 de votre entreprise: LA MEDIATION -","og_description":"levier-indispensable-renforcer-lagilite-entreprise-mediation","og_url":"https:\/\/leadyourcommunication.es\/fr\/levier-indispensable-renforcer-lagilite-entreprise-mediation\/","article_published_time":"2021-01-29T13:48:30+00:00","og_image":[{"width":360,"height":240,"url":"https:\/\/leadyourcommunication.es\/wp-content\/uploads\/2021\/01\/volodymyr-hryshchenko-V5vqWC9gyEU-unsplash-scaled-e1611927899237.jpg","type":"image\/jpeg"}],"author":"Redaccion Aliocha Mussy","twitter_card":"summary_large_image","twitter_misc":{"\u00c9crit par":"Redaccion Aliocha Mussy","Dur\u00e9e de lecture estim\u00e9e":"3 minutes"},"schema":{"@context":"https:\/\/schema.org","@graph":[{"@type":"Article","@id":"https:\/\/leadyourcommunication.es\/fr\/levier-indispensable-renforcer-lagilite-entreprise-mediation\/#article","isPartOf":{"@id":"https:\/\/leadyourcommunication.es\/fr\/levier-indispensable-renforcer-lagilite-entreprise-mediation\/"},"author":{"name":"Redaccion Aliocha Mussy","@id":"https:\/\/leadyourcommunication.es\/#\/schema\/person\/fc7491e623e024c97f70fcf22cf682c7"},"headline":"Un levier indispensable pour renforcer l\u2019Agilit\u00e9 de votre entreprise: LA MEDIATION","datePublished":"2021-01-29T13:48:30+00:00","dateModified":"2021-01-29T13:48:30+00:00","mainEntityOfPage":{"@id":"https:\/\/leadyourcommunication.es\/fr\/levier-indispensable-renforcer-lagilite-entreprise-mediation\/"},"wordCount":631,"commentCount":0,"publisher":{"@id":"https:\/\/leadyourcommunication.es\/#organization"},"articleSection":["Services"],"inLanguage":"fr-FR","potentialAction":[{"@type":"CommentAction","name":"Comment","target":["https:\/\/leadyourcommunication.es\/fr\/levier-indispensable-renforcer-lagilite-entreprise-mediation\/#respond"]}]},{"@type":"WebPage","@id":"https:\/\/leadyourcommunication.es\/fr\/levier-indispensable-renforcer-lagilite-entreprise-mediation\/","url":"https:\/\/leadyourcommunication.es\/fr\/levier-indispensable-renforcer-lagilite-entreprise-mediation\/","name":"Un levier indispensable pour renforcer l\u2019Agilit\u00e9 de votre entreprise: LA MEDIATION -","isPartOf":{"@id":"https:\/\/leadyourcommunication.es\/#website"},"datePublished":"2021-01-29T13:48:30+00:00","dateModified":"2021-01-29T13:48:30+00:00","description":"levier-indispensable-renforcer-lagilite-entreprise-mediation","breadcrumb":{"@id":"https:\/\/leadyourcommunication.es\/fr\/levier-indispensable-renforcer-lagilite-entreprise-mediation\/#breadcrumb"},"inLanguage":"fr-FR","potentialAction":[{"@type":"ReadAction","target":["https:\/\/leadyourcommunication.es\/fr\/levier-indispensable-renforcer-lagilite-entreprise-mediation\/"]}]},{"@type":"BreadcrumbList","@id":"https:\/\/leadyourcommunication.es\/fr\/levier-indispensable-renforcer-lagilite-entreprise-mediation\/#breadcrumb","itemListElement":[{"@type":"ListItem","position":1,"name":"Portada","item":"https:\/\/leadyourcommunication.es\/fr\/"},{"@type":"ListItem","position":2,"name":"Un levier indispensable pour renforcer l\u2019Agilit\u00e9 de votre entreprise: LA MEDIATION"}]},{"@type":"WebSite","@id":"https:\/\/leadyourcommunication.es\/#website","url":"https:\/\/leadyourcommunication.es\/","name":"","description":"","publisher":{"@id":"https:\/\/leadyourcommunication.es\/#organization"},"potentialAction":[{"@type":"SearchAction","target":{"@type":"EntryPoint","urlTemplate":"https:\/\/leadyourcommunication.es\/?s={search_term_string}"},"query-input":"required name=search_term_string"}],"inLanguage":"fr-FR"},{"@type":"Organization","@id":"https:\/\/leadyourcommunication.es\/#organization","name":"Lead Your Communication","url":"https:\/\/leadyourcommunication.es\/","logo":{"@type":"ImageObject","inLanguage":"fr-FR","@id":"https:\/\/leadyourcommunication.es\/#\/schema\/logo\/image\/","url":"https:\/\/leadyourcommunication.es\/wp-content\/uploads\/2020\/04\/img-logo-footer_lead-your-communication.jpg","contentUrl":"https:\/\/leadyourcommunication.es\/wp-content\/uploads\/2020\/04\/img-logo-footer_lead-your-communication.jpg","width":322,"height":210,"caption":"Lead Your Communication"},"image":{"@id":"https:\/\/leadyourcommunication.es\/#\/schema\/logo\/image\/"}},{"@type":"Person","@id":"https:\/\/leadyourcommunication.es\/#\/schema\/person\/fc7491e623e024c97f70fcf22cf682c7","name":"Redaccion Aliocha Mussy","image":{"@type":"ImageObject","inLanguage":"fr-FR","@id":"https:\/\/leadyourcommunication.es\/#\/schema\/person\/image\/","url":"https:\/\/secure.gravatar.com\/avatar\/22b4aea3c06bb58226ac742027beb472?s=96&d=mm&r=g","contentUrl":"https:\/\/secure.gravatar.com\/avatar\/22b4aea3c06bb58226ac742027beb472?s=96&d=mm&r=g","caption":"Redaccion Aliocha Mussy"}}]}},"_links":{"self":[{"href":"https:\/\/leadyourcommunication.es\/fr\/wp-json\/wp\/v2\/posts\/2291"}],"collection":[{"href":"https:\/\/leadyourcommunication.es\/fr\/wp-json\/wp\/v2\/posts"}],"about":[{"href":"https:\/\/leadyourcommunication.es\/fr\/wp-json\/wp\/v2\/types\/post"}],"author":[{"embeddable":true,"href":"https:\/\/leadyourcommunication.es\/fr\/wp-json\/wp\/v2\/users\/3"}],"replies":[{"embeddable":true,"href":"https:\/\/leadyourcommunication.es\/fr\/wp-json\/wp\/v2\/comments?post=2291"}],"version-history":[{"count":1,"href":"https:\/\/leadyourcommunication.es\/fr\/wp-json\/wp\/v2\/posts\/2291\/revisions"}],"predecessor-version":[{"id":2295,"href":"https:\/\/leadyourcommunication.es\/fr\/wp-json\/wp\/v2\/posts\/2291\/revisions\/2295"}],"wp:featuredmedia":[{"embeddable":true,"href":"https:\/\/leadyourcommunication.es\/fr\/wp-json\/wp\/v2\/media\/2292"}],"wp:attachment":[{"href":"https:\/\/leadyourcommunication.es\/fr\/wp-json\/wp\/v2\/media?parent=2291"}],"wp:term":[{"taxonomy":"category","embeddable":true,"href":"https:\/\/leadyourcommunication.es\/fr\/wp-json\/wp\/v2\/categories?post=2291"},{"taxonomy":"post_tag","embeddable":true,"href":"https:\/\/leadyourcommunication.es\/fr\/wp-json\/wp\/v2\/tags?post=2291"}],"curies":[{"name":"wp","href":"https:\/\/api.w.org\/{rel}","templated":true}]}}